{"id":1858,"date":"2025-03-04T16:13:10","date_gmt":"2025-03-04T15:13:10","guid":{"rendered":"https:\/\/www.rhein-group.de\/2025\/03\/04\/sprzedam-dzialke-uslugowa-dzialka-35-ar-ruda-slaska\/"},"modified":"2025-03-10T13:36:17","modified_gmt":"2025-03-10T12:36:17","slug":"sprzedam-dzialke-uslugowa-dzialka-35-ar-ruda-slaska","status":"publish","type":"post","link":"https:\/\/www.rhein-group.de\/en\/2025\/03\/04\/sprzedam-dzialke-uslugowa-dzialka-35-ar-ruda-slaska\/","title":{"rendered":"Sprzedam dzia\u0142k\u0119 us\u0142ugow\u0105 &#8211; dzia\u0142ka 35 ar, Ruda \u015al\u0105ska"},"content":{"rendered":"<p>[et_pb_section fb_built=&#8221;1&#8243; _builder_version=&#8221;4.27.4&#8243; _module_preset=&#8221;default&#8221; max_width=&#8221;100%&#8221; custom_padding=&#8221;0px||0px|||&#8221; global_colors_info=&#8221;{}&#8221;][et_pb_row _builder_version=&#8221;4.27.4&#8243; _module_preset=&#8221;default&#8221; custom_padding=&#8221;8px||0px|||&#8221; global_colors_info=&#8221;{}&#8221;][et_pb_column type=&#8221;4_4&#8243; _builder_version=&#8221;4.27.4&#8243; _module_preset=&#8221;default&#8221; global_colors_info=&#8221;{}&#8221;][et_pb_post_title author=&#8221;off&#8221; date=&#8221;off&#8221; comments=&#8221;off&#8221; _builder_version=&#8221;4.27.4&#8243; _module_preset=&#8221;default&#8221; title_font=&#8221;Open Sans|700|||||||&#8221; title_text_color=&#8221;#2F4531&#8243; title_font_size=&#8221;28px&#8221; meta_font=&#8221;Open Sans||||||||&#8221; meta_text_color=&#8221;#B2B1B1&#8243; meta_font_size=&#8221;15px&#8221; meta_line_height=&#8221;3em&#8221; custom_margin=&#8221;||||false|false&#8221; custom_padding=&#8221;||||false|false&#8221; global_colors_info=&#8221;{}&#8221;][\/et_pb_post_title][\/et_pb_column][\/et_pb_row][\/et_pb_section][et_pb_section fb_built=&#8221;1&#8243; custom_padding_last_edited=&#8221;on|phone&#8221; _builder_version=&#8221;4.21.0&#8243; _module_preset=&#8221;default&#8221; custom_padding=&#8221;0px||||false|false&#8221; custom_padding_tablet=&#8221;||||false|false&#8221; custom_padding_phone=&#8221;||||false|false&#8221; global_colors_info=&#8221;{}&#8221;][et_pb_row _builder_version=&#8221;4.21.0&#8243; _module_preset=&#8221;default&#8221; custom_padding=&#8221;||0px|||&#8221; global_colors_info=&#8221;{}&#8221;][et_pb_column type=&#8221;4_4&#8243; _builder_version=&#8221;4.21.0&#8243; _module_preset=&#8221;default&#8221; global_colors_info=&#8221;{}&#8221;][et_pb_gallery gallery_ids=&#8221;32,1853&#8243; show_title_and_caption=&#8221;off&#8221; _builder_version=&#8221;4.27.4&#8243; _module_preset=&#8221;default&#8221; title_font_size=&#8221;15px&#8221; caption_font_size=&#8221;8px&#8221; custom_padding=&#8221;||0px|||&#8221; hover_enabled=&#8221;0&#8243; global_colors_info=&#8221;{}&#8221; sticky_enabled=&#8221;0&#8243;][\/et_pb_gallery][et_pb_divider color=&#8221;#2F4531&#8243; _builder_version=&#8221;4.21.0&#8243; _module_preset=&#8221;default&#8221; custom_margin=&#8221;-50px||||false|false&#8221; custom_padding=&#8221;||||false|false&#8221; global_colors_info=&#8221;{}&#8221;][\/et_pb_divider][\/et_pb_column][\/et_pb_row][et_pb_row column_structure=&#8221;2_5,3_5&#8243; custom_padding_last_edited=&#8221;on|phone&#8221; _builder_version=&#8221;4.27.4&#8243; _module_preset=&#8221;default&#8221; width=&#8221;100%&#8221; max_width=&#8221;none&#8221; max_width_last_edited=&#8221;off|desktop&#8221; custom_margin=&#8221;0px||||false|false&#8221; custom_padding=&#8221;0px||||false|false&#8221; custom_padding_tablet=&#8221;0px||||false|false&#8221; custom_padding_phone=&#8221;||||false|false&#8221; hover_enabled=&#8221;0&#8243; global_colors_info=&#8221;{}&#8221; sticky_enabled=&#8221;0&#8243;][et_pb_column type=&#8221;2_5&#8243; _builder_version=&#8221;4.21.0&#8243; _module_preset=&#8221;default&#8221; global_colors_info=&#8221;{}&#8221;][et_pb_text _builder_version=&#8221;4.27.4&#8243; _module_preset=&#8221;default&#8221; text_font=&#8221;Poppins||||||||&#8221; header_3_line_height=&#8221;1.2em&#8221; custom_margin=&#8221;50px||50px||true|false&#8221; custom_padding=&#8221;||||false|false&#8221; global_colors_info=&#8221;{}&#8221;]<\/p>\n<h3 class=\"title\">Sprzedam dzia\u0142k\u0119 us\u0142ugow\u0105 &#8211; 35 ar, Ruda \u015al\u0105ska<\/h3>\n<p>Na sprzeda\u017c dzia\u0142ka inwestycyjna o powierzchni <strong data-start=\"101\" data-end=\"113\">35,44 ar<\/strong>, po\u0142o\u017cona w Rudzie \u015al\u0105skiej przy ul. Czarnole\u015bnej. Dzia\u0142ka oznaczona w MPZP jako <strong data-start=\"195\" data-end=\"219\">teren us\u0142ugowy (31U)<\/strong>, przeznaczona pod inwestycje us\u0142ugowe, biurowe, gastronomiczne, handlowe oraz budow\u0119 hal i magazyn\u00f3w. Dojazd bez ogranicze\u0144 tona\u017cowych dla TIR.   <\/p>\n<p>[\/et_pb_text][et_pb_text disabled_on=&#8221;on|on|on&#8221; _builder_version=&#8221;4.27.4&#8243; _module_preset=&#8221;default&#8221; text_font=&#8221;Poppins||||||||&#8221; custom_margin=&#8221;||||true|false&#8221; custom_padding=&#8221;||||false|false&#8221; link_option_url=&#8221;https:\/\/www.rhein-group.de\/wp-content\/uploads\/2025\/01\/Sedanplatz_Konzeptplanung_2023-03-30.pdf&#8221; disabled=&#8221;on&#8221; global_colors_info=&#8221;{}&#8221;]<\/p>\n<p>Download the expos\u00e9:<\/p>\n<p>[\/et_pb_text][et_pb_button button_url=&#8221;https:\/\/www.rhein-group.de\/wp-content\/uploads\/2025\/01\/Sedanplatz_Konzeptplanung_2023-03-30.pdf&#8221; url_new_window=&#8221;on&#8221; button_text=&#8221;Expose&#8221; button_alignment=&#8221;center&#8221; disabled_on=&#8221;on|on|on&#8221; _builder_version=&#8221;4.27.4&#8243; _module_preset=&#8221;default&#8221; custom_margin=&#8221;||||false|false&#8221; disabled=&#8221;on&#8221; global_colors_info=&#8221;{}&#8221;][\/et_pb_button][\/et_pb_column][et_pb_column type=&#8221;3_5&#8243; _builder_version=&#8221;4.27.4&#8243; _module_preset=&#8221;default&#8221; custom_padding=&#8221;||||false|false&#8221; custom_padding_phone=&#8221;||||false|false&#8221; custom_padding_last_edited=&#8221;off|desktop&#8221; hover_enabled=&#8221;0&#8243; global_colors_info=&#8221;{}&#8221; sticky_enabled=&#8221;0&#8243;][et_pb_text content_tablet=&#8221;<\/p>\n<table style=%22border-collapse: collapse; width: 100%; height: 464px;%22>\n<tbody>\n<tr style=%22height: 24px;%22>\n<td style=%22width: 221px; border: 1px solid #cccccc; height: 24px;%22>Ca\u0142kowita powierzchnia<\/td>\n<td style=%22width: 221px; border: 1px solid #cccccc; height: 24px;%22>35,44 ar<\/td>\n<\/tr>\n<tr style=%22height: 56px;%22>\n<td style=%22width: 221px; border: 1px solid #cccccc; height: 56px;%22>Numery dzia\u0142ek<\/td>\n<td style=%22width: 221px; border: 1px solid #cccccc; height: 56px;%22>\n<p class=%22p1%22>2114\/41, 2115\/41, 2116\/41<\/p>\n<\/td>\n<\/tr>\n<tr style=%22height: 56px;%22>\n<td style=%22width: 221px; border: 1px solid #cccccc; height: 56px;%22>Localizacja<\/td>\n<td style=%22width: 221px; border: 1px solid #cccccc; height: 56px;%22>\n<p class=%22p1%22>Ruda \u015al\u0105ska, ul. Czarnole\u015bna <\/p>\n<\/td>\n<\/tr>\n<tr style=%22height: 56px;%22>\n<td style=%22width: 221px; border: 1px solid #cccccc; height: 56px;%22>Plan zagospodarowania przestrzennego (MPZP)<\/td>\n<td style=%22width: 221px; border: 1px solid #cccccc; height: 56px;%22>\n<p class=%22p1%22>Oznaczenie U (31U) &#8211; zabudowa us\u0142ugowa<\/p>\n<\/td>\n<\/tr>\n<tr style=%22height: 80px;%22>\n<td style=%22width: 221px; border: 1px solid #cccccc; height: 80px;%22>Dozwolone przeznaczenie<\/td>\n<td style=%22width: 221px; border: 1px solid #cccccc; height: 80px;%22>\n<p class=%22p1%22>Us\u0142ugi, biura, gastronomia, handel, hale, magazyny<\/p>\n<\/td>\n<\/tr>\n<tr style=%22height: 24px;%22>\n<td style=%22width: 221px; border: 1px solid #cccccc; height: 24px;%22>Maksymalna powierzchnia zabudowy<\/td>\n<td style=%22width: 221px; border: 1px solid #cccccc; height: 24px;%22>Do 70% powierzchni dzia\u0142ki<\/td>\n<\/tr>\n<tr style=%22height: 24px;%22>\n<td style=%22width: 221px; border: 1px solid #cccccc; height: 24px;%22>Maksymalna wysoko\u015b\u0107 zabudowy<\/td>\n<td style=%22width: 221px; border: 1px solid #cccccc; height: 24px;%22>Thu 18 m<\/td>\n<\/tr>\n<tr style=%22height: 48px;%22>\n<td style=%22width: 221px; border: 1px solid #cccccc; height: 48px;%22>Intensywno\u015b\u0107 zabudowy<\/td>\n<td style=%22width: 221px; border: 1px solid #cccccc; height: 48px;%22>Do 3,5<\/td>\n<\/tr>\n<tr>\n<td style=%22width: 221px; border: 1px solid #cccccc;%22>Minimalna powierzchnia biologicznie czynna<\/td>\n<td style=%22width: 221px; border: 1px solid #cccccc;%22>Min. 15% <\/td>\n<\/tr>\n<tr>\n<td style=%22width: 221px; border: 1px solid #cccccc;%22>Dost\u0119pno\u015b\u0107 drogowa<\/td>\n<td style=%22width: 221px; border: 1px solid #cccccc;%22>Droga asfaltowa, dojazd dla TIR bez ogranicze\u0144 tona\u017cowych<\/td>\n<\/tr>\n<tr>\n<td style=%22width: 221px; border: 1px solid #cccccc;%22>Cena<\/td>\n<td style=%22width: 221px; border: 1px solid #cccccc;%22>PLN 1.95 mln net + 23% VAT<\/td>\n<\/tr>\n<\/tbody>\n<\/table>\n<p>&#8221; content_phone=&#8221;<\/p>\n<table style=%22border-collapse: collapse; width: 100%; height: 464px;%22>\n<tbody>\n<tr style=%22height: 24px;%22>\n<td style=%22width: 40.9938%; border: 1px solid #cccccc; height: 24px;%22>Ca\u0142kowita powierzchnia<\/td>\n<td style=%22width: 58.7992%; border: 1px solid #cccccc; height: 24px;%22>35,44 ar<\/td>\n<\/tr>\n<tr style=%22height: 56px;%22>\n<td style=%22width: 40.9938%; border: 1px solid #cccccc; height: 56px;%22>Numery dzia\u0142ek<\/td>\n<td style=%22width: 58.7992%; border: 1px solid #cccccc; height: 56px;%22>\n<p class=%22p1%22>2114\/41, 2115\/41, 2116\/41<\/p>\n<\/td>\n<\/tr>\n<tr style=%22height: 56px;%22>\n<td style=%22width: 40.9938%; border: 1px solid #cccccc; height: 56px;%22>Localizacja<\/td>\n<td style=%22width: 58.7992%; border: 1px solid #cccccc; height: 56px;%22>\n<p class=%22p1%22>Ruda \u015al\u0105ska, ul. Czarnole\u015bna <\/p>\n<\/td>\n<\/tr>\n<tr style=%22height: 56px;%22>\n<td style=%22width: 40.9938%; border: 1px solid #cccccc; height: 56px;%22>Plan zagospodarowania przestrzennego (MPZP)<\/td>\n<td style=%22width: 58.7992%; border: 1px solid #cccccc; height: 56px;%22>\n<p class=%22p1%22>Oznaczenie U (31U) &#8211; zabudowa us\u0142ugowa<\/p>\n<\/td>\n<\/tr>\n<tr style=%22height: 80px;%22>\n<td style=%22width: 40.9938%; border: 1px solid #cccccc; height: 80px;%22>Dozwolone przeznaczenie<\/td>\n<td style=%22width: 58.7992%; border: 1px solid #cccccc; height: 80px;%22>\n<p class=%22p1%22>Us\u0142ugi, biura, gastronomia, handel, hale, magazyny<\/p>\n<\/td>\n<\/tr>\n<tr style=%22height: 24px;%22>\n<td style=%22width: 40.9938%; border: 1px solid #cccccc; height: 24px;%22>Maksymalna powierzchnia zabudowy<\/td>\n<td style=%22width: 58.7992%; border: 1px solid #cccccc; height: 24px;%22>Do 70% powierzchni dzia\u0142ki<\/td>\n<\/tr>\n<tr style=%22height: 24px;%22>\n<td style=%22width: 40.9938%; border: 1px solid #cccccc; height: 24px;%22>Maksymalna wysoko\u015b\u0107 zabudowy<\/td>\n<td style=%22width: 58.7992%; border: 1px solid #cccccc; height: 24px;%22>Thu 18 m<\/td>\n<\/tr>\n<tr style=%22height: 48px;%22>\n<td style=%22width: 40.9938%; border: 1px solid #cccccc; height: 48px;%22>Intensywno\u015b\u0107 zabudowy<\/td>\n<td style=%22width: 58.7992%; border: 1px solid #cccccc; height: 48px;%22>Do 3,5<\/td>\n<\/tr>\n<tr>\n<td style=%22width: 40.9938%; border: 1px solid #cccccc;%22>Minimalna powierzchnia biologicznie czynna<\/td>\n<td style=%22width: 58.7992%; border: 1px solid #cccccc;%22>Min. 15% <\/td>\n<\/tr>\n<tr>\n<td style=%22width: 40.9938%; border: 1px solid #cccccc;%22>Dost\u0119pno\u015b\u0107 drogowa<\/td>\n<td style=%22width: 58.7992%; border: 1px solid #cccccc;%22>Droga asfaltowa, dojazd dla TIR bez ogranicze\u0144 tona\u017cowych<\/td>\n<\/tr>\n<tr>\n<td style=%22width: 40.9938%; border: 1px solid #cccccc;%22>Cena<\/td>\n<td style=%22width: 58.7992%; border: 1px solid #cccccc;%22>PLN 1.95 mln net + 23% VAT<\/td>\n<\/tr>\n<\/tbody>\n<\/table>\n<p>&#8221; content_last_edited=&#8221;on|tablet&#8221; _builder_version=&#8221;4.27.4&#8243; _module_preset=&#8221;default&#8221; text_font=&#8221;Poppins||||||||&#8221; header_2_font=&#8221;Open Sans|500|||||||&#8221; header_2_text_color=&#8221;#2F4531&#8243; header_2_font_size=&#8221;30px&#8221; header_2_letter_spacing=&#8221;1px&#8221; header_2_line_height=&#8221;1.2em&#8221; max_width_tablet=&#8221;&#8221; max_width_phone=&#8221;80%&#8221; max_width_last_edited=&#8221;on|phone&#8221; custom_margin=&#8221;||||false|false&#8221; custom_margin_tablet=&#8221;||||false|false&#8221; custom_margin_phone=&#8221;|||-15px|false|false&#8221; custom_margin_last_edited=&#8221;on|phone&#8221; custom_padding=&#8221;||||false|false&#8221; custom_padding_tablet=&#8221;||||false|false&#8221; custom_padding_phone=&#8221;|80%|||false|false&#8221; custom_padding_last_edited=&#8221;on|phone&#8221; hover_enabled=&#8221;0&#8243; global_colors_info=&#8221;{}&#8221; sticky_enabled=&#8221;0&#8243; text_font_size_last_edited=&#8221;on|phone&#8221; text_font_size_phone=&#8221;15px&#8221;]<\/p>\n<div class=\"title\">\n<table style=\"border-collapse: collapse; width: 100%; height: 464px;\">\n<tbody>\n<tr style=\"height: 24px;\">\n<td style=\"width: 221px; border: 1px solid #cccccc; height: 24px;\">Ca\u0142kowita powierzchnia<\/td>\n<td style=\"width: 221px; border: 1px solid #cccccc; height: 24px;\">35,44 ar<\/td>\n<\/tr>\n<tr style=\"height: 56px;\">\n<td style=\"width: 221px; border: 1px solid #cccccc; height: 56px;\">Numery dzia\u0142ek<\/td>\n<td style=\"width: 221px; border: 1px solid #cccccc; height: 56px;\">\n<p class=\"p1\">2114\/41, 2115\/41, 2116\/41<\/p>\n<\/td>\n<\/tr>\n<tr style=\"height: 56px;\">\n<td style=\"width: 221px; border: 1px solid #cccccc; height: 56px;\">Localizacja<\/td>\n<td style=\"width: 221px; border: 1px solid #cccccc; height: 56px;\">\n<p class=\"p1\">Ruda \u015al\u0105ska, ul. Czarnole\u015bna <\/p>\n<\/td>\n<\/tr>\n<tr style=\"height: 56px;\">\n<td style=\"width: 221px; border: 1px solid #cccccc; height: 56px;\">Plan zagospodarowania przestrzennego (MPZP)<\/td>\n<td style=\"width: 221px; border: 1px solid #cccccc; height: 56px;\">\n<p class=\"p1\">Oznaczenie U (31U) &#8211; zabudowa us\u0142ugowa<\/p>\n<\/td>\n<\/tr>\n<tr style=\"height: 80px;\">\n<td style=\"width: 221px; border: 1px solid #cccccc; height: 80px;\">Dozwolone przeznaczenie<\/td>\n<td style=\"width: 221px; border: 1px solid #cccccc; height: 80px;\">\n<p class=\"p1\">Us\u0142ugi, biura, gastronomia, handel, hale, magazyny<\/p>\n<\/td>\n<\/tr>\n<tr style=\"height: 24px;\">\n<td style=\"width: 221px; border: 1px solid #cccccc; height: 24px;\">Maksymalna powierzchnia zabudowy<\/td>\n<td style=\"width: 221px; border: 1px solid #cccccc; height: 24px;\">Do 70% powierzchni dzia\u0142ki<\/td>\n<\/tr>\n<tr style=\"height: 24px;\">\n<td style=\"width: 221px; border: 1px solid #cccccc; height: 24px;\">Maksymalna wysoko\u015b\u0107 zabudowy<\/td>\n<td style=\"width: 221px; border: 1px solid #cccccc; height: 24px;\">Thu 18 m<\/td>\n<\/tr>\n<tr style=\"height: 48px;\">\n<td style=\"width: 221px; border: 1px solid #cccccc; height: 48px;\">Intensywno\u015b\u0107 zabudowy<\/td>\n<td style=\"width: 221px; border: 1px solid #cccccc; height: 48px;\">Do 3,5<\/td>\n<\/tr>\n<tr>\n<td style=\"width: 221px; border: 1px solid #cccccc;\">Minimalna powierzchnia biologicznie czynna<\/td>\n<td style=\"width: 221px; border: 1px solid #cccccc;\">Min. 15% <\/td>\n<\/tr>\n<tr>\n<td style=\"width: 221px; border: 1px solid #cccccc;\">Dost\u0119pno\u015b\u0107 drogowa<\/td>\n<td style=\"width: 221px; border: 1px solid #cccccc;\">Droga asfaltowa, dojazd dla TIR bez ogranicze\u0144 tona\u017cowych<\/td>\n<\/tr>\n<tr>\n<td style=\"width: 221px; border: 1px solid #cccccc;\">Cena<\/td>\n<td style=\"width: 221px; border: 1px solid #cccccc;\">PLN 1.95 mln net + 23% VAT<\/td>\n<\/tr>\n<\/tbody>\n<\/table>\n<\/div>\n<p>[\/et_pb_text][\/et_pb_column][\/et_pb_row][\/et_pb_section]<\/p>\n","protected":false},"excerpt":{"rendered":"<p>Sprzedam dzia\u0142k\u0119 us\u0142ugow\u0105 &#8211; 35 ar, Ruda \u015al\u0105ska Na sprzeda\u017c dzia\u0142ka inwestycyjna o powierzchni 35,44 ar, po\u0142o\u017cona w Rudzie \u015al\u0105skiej przy ul. Czarnole\u015bnej. Dzia\u0142ka oznaczona w MPZP jako teren us\u0142ugowy (31U), przeznaczona pod inwestycje us\u0142ugowe, biurowe, gastronomiczne, handlowe oraz budow\u0119 hal i magazyn\u00f3w. Dojazd bez ogranicze\u0144 tona\u017cowych dla TIR. Download the expos\u00e9: Ca\u0142kowita powierzchnia 35,44 ar Numery dzia\u0142ek 2114\/41, 2115\/41, 2116\/41 Localizacja Ruda \u015al\u0105ska, ul. Czarnole\u015bna Plan zagospodarowania przestrzennego (MPZP) Oznaczenie U (31U) &#8211; zabudowa us\u0142ugowa Dozwolone przeznaczenie Us\u0142ugi, biura, gastronomia, handel, hale, magazyny Maksymalna powierzchnia zabudowy Do 70% powierzchni dzia\u0142ki Maksymalna wysoko\u015b\u0107 zabudowy Thu 18 m Intensywno\u015b\u0107 zabudowy Do 3,5 Minimalna powierzchnia biologicznie czynna Min. 15% Dost\u0119pno\u015b\u0107 drogowa Droga asfaltowa, dojazd dla TIR bez ogranicze\u0144 tona\u017cowych Cena PLN 1.95 mln net + 23% VAT<\/p>\n","protected":false},"author":6,"featured_media":1856,"comment_status":"closed","ping_status":"closed","sticky":false,"template":"","format":"standard","meta":{"_et_pb_use_builder":"on","_et_pb_old_content":"","_et_gb_content_width":"","footnotes":""},"categories":[41],"tags":[],"class_list":["post-1858","post","type-post","status-publish","format-standard","has-post-thumbnail","hentry","category-projecty-w-polsce"],"_links":{"self":[{"href":"https:\/\/www.rhein-group.de\/en\/wp-json\/wp\/v2\/posts\/1858","targetHints":{"allow":["GET"]}}],"collection":[{"href":"https:\/\/www.rhein-group.de\/en\/wp-json\/wp\/v2\/posts"}],"about":[{"href":"https:\/\/www.rhein-group.de\/en\/wp-json\/wp\/v2\/types\/post"}],"author":[{"embeddable":true,"href":"https:\/\/www.rhein-group.de\/en\/wp-json\/wp\/v2\/users\/6"}],"replies":[{"embeddable":true,"href":"https:\/\/www.rhein-group.de\/en\/wp-json\/wp\/v2\/comments?post=1858"}],"version-history":[{"count":0,"href":"https:\/\/www.rhein-group.de\/en\/wp-json\/wp\/v2\/posts\/1858\/revisions"}],"wp:featuredmedia":[{"embeddable":true,"href":"https:\/\/www.rhein-group.de\/en\/wp-json\/wp\/v2\/media\/1856"}],"wp:attachment":[{"href":"https:\/\/www.rhein-group.de\/en\/wp-json\/wp\/v2\/media?parent=1858"}],"wp:term":[{"taxonomy":"category","embeddable":true,"href":"https:\/\/www.rhein-group.de\/en\/wp-json\/wp\/v2\/categories?post=1858"},{"taxonomy":"post_tag","embeddable":true,"href":"https:\/\/www.rhein-group.de\/en\/wp-json\/wp\/v2\/tags?post=1858"}],"curies":[{"name":"wp","href":"https:\/\/api.w.org\/{rel}","templated":true}]}}